{"id":5809,"date":"2021-07-30T10:36:48","date_gmt":"2021-07-30T09:36:48","guid":{"rendered":"http:\/\/www.arnall.cat\/?p=5809"},"modified":"2021-08-04T16:51:25","modified_gmt":"2021-08-04T15:51:25","slug":"servei-a-domicili-durant-el-mes-dagost","status":"publish","type":"post","link":"https:\/\/www.arnall.cat\/es\/servei-a-domicili-durant-el-mes-dagost\/","title":{"rendered":"Servei a domicili durant el mes d&#8217;agost"},"content":{"rendered":"<p>Durant el mes d&#8217;agost el servei a domicili a comarques de Barcelona es realitzar\u00e0 nom\u00e9s els dimarts.<\/p>\n<p>Perdoneu les mol\u00e8sties<\/p>","protected":false},"excerpt":{"rendered":"<p>Durant el mes d&#8217;agost el servei a domicili a comarques de Barcelona es realitzar\u00e0 nom\u00e9s els dimarts. Perdoneu les mol\u00e8sties<\/p>\n","protected":false},"author":1,"featured_media":5888,"comment_status":"open","ping_status":"open","sticky":false,"template":"","format":"standard","meta":{"footnotes":""},"categories":[1],"tags":[],"class_list":["post-5809","post","type-post","status-publish","format-standard","has-post-thumbnail","hentry","category-general"],"yoast_head":"<!-- This site is optimized with the Yoast SEO plugin v24.1 - https:\/\/yoast.com\/wordpress\/plugins\/seo\/ -->\n<title>Servei a domicili durant el mes d&#039;agost - Arnall<\/title>\n<meta name=\"robots\" content=\"index, follow, max-snippet:-1, max-image-preview:large, max-video-preview:-1\" \/>\n<link rel=\"canonical\" href=\"http:\/\/www.arnall.cat\/servei-a-domicili-durant-el-mes-dagost\/\" \/>\n<meta property=\"og:locale\" content=\"es_ES\" \/>\n<meta property=\"og:type\" content=\"article\" \/>\n<meta property=\"og:title\" content=\"Servei a domicili durant el mes d&#039;agost - Arnall\" \/>\n<meta property=\"og:description\" content=\"Durant el mes d&#8217;agost el servei a domicili a comarques de Barcelona es realitzar\u00e0 nom\u00e9s els dimarts. Perdoneu les mol\u00e8sties\" \/>\n<meta property=\"og:url\" content=\"http:\/\/www.arnall.cat\/servei-a-domicili-durant-el-mes-dagost\/\" \/>\n<meta property=\"og:site_name\" content=\"Arnall\" \/>\n<meta property=\"article:published_time\" content=\"2021-07-30T09:36:48+00:00\" \/>\n<meta property=\"article:modified_time\" content=\"2021-08-04T15:51:25+00:00\" \/>\n<meta property=\"og:image\" content=\"http:\/\/www.arnall.cat\/wp-content\/uploads\/2019\/07\/2019_12_02_delivery_02.jpg\" \/>\n\t<meta property=\"og:image:width\" content=\"1200\" \/>\n\t<meta property=\"og:image:height\" content=\"300\" \/>\n\t<meta property=\"og:image:type\" content=\"image\/jpeg\" \/>\n<meta name=\"author\" content=\"infoself\" \/>\n<meta name=\"twitter:card\" content=\"summary_large_image\" \/>\n<meta name=\"twitter:label1\" content=\"Escrito por\" \/>\n\t<meta name=\"twitter:data1\" content=\"infoself\" \/>\n<script type=\"application\/ld+json\" class=\"yoast-schema-graph\">{\"@context\":\"https:\/\/schema.org\",\"@graph\":[{\"@type\":\"WebPage\",\"@id\":\"http:\/\/www.arnall.cat\/servei-a-domicili-durant-el-mes-dagost\/\",\"url\":\"http:\/\/www.arnall.cat\/servei-a-domicili-durant-el-mes-dagost\/\",\"name\":\"Servei a domicili durant el mes d'agost - Arnall\",\"isPartOf\":{\"@id\":\"https:\/\/www.arnall.cat\/#website\"},\"primaryImageOfPage\":{\"@id\":\"http:\/\/www.arnall.cat\/servei-a-domicili-durant-el-mes-dagost\/#primaryimage\"},\"image\":{\"@id\":\"http:\/\/www.arnall.cat\/servei-a-domicili-durant-el-mes-dagost\/#primaryimage\"},\"thumbnailUrl\":\"https:\/\/www.arnall.cat\/wp-content\/uploads\/2019\/07\/2019_12_02_delivery_02.jpg\",\"datePublished\":\"2021-07-30T09:36:48+00:00\",\"dateModified\":\"2021-08-04T15:51:25+00:00\",\"author\":{\"@id\":\"https:\/\/www.arnall.cat\/#\/schema\/person\/794c28dc54eb517904443815f26f17fd\"},\"breadcrumb\":{\"@id\":\"http:\/\/www.arnall.cat\/servei-a-domicili-durant-el-mes-dagost\/#breadcrumb\"},\"inLanguage\":\"es\",\"potentialAction\":[{\"@type\":\"ReadAction\",\"target\":[\"http:\/\/www.arnall.cat\/servei-a-domicili-durant-el-mes-dagost\/\"]}]},{\"@type\":\"ImageObject\",\"inLanguage\":\"es\",\"@id\":\"http:\/\/www.arnall.cat\/servei-a-domicili-durant-el-mes-dagost\/#primaryimage\",\"url\":\"https:\/\/www.arnall.cat\/wp-content\/uploads\/2019\/07\/2019_12_02_delivery_02.jpg\",\"contentUrl\":\"https:\/\/www.arnall.cat\/wp-content\/uploads\/2019\/07\/2019_12_02_delivery_02.jpg\",\"width\":1200,\"height\":300},{\"@type\":\"BreadcrumbList\",\"@id\":\"http:\/\/www.arnall.cat\/servei-a-domicili-durant-el-mes-dagost\/#breadcrumb\",\"itemListElement\":[{\"@type\":\"ListItem\",\"position\":1,\"name\":\"Inici\",\"item\":\"https:\/\/www.arnall.cat\/\"},{\"@type\":\"ListItem\",\"position\":2,\"name\":\"Servei a domicili durant el mes d&#8217;agost\"}]},{\"@type\":\"WebSite\",\"@id\":\"https:\/\/www.arnall.cat\/#website\",\"url\":\"https:\/\/www.arnall.cat\/\",\"name\":\"Arnall\",\"description\":\"\",\"potentialAction\":[{\"@type\":\"SearchAction\",\"target\":{\"@type\":\"EntryPoint\",\"urlTemplate\":\"https:\/\/www.arnall.cat\/?s={search_term_string}\"},\"query-input\":{\"@type\":\"PropertyValueSpecification\",\"valueRequired\":true,\"valueName\":\"search_term_string\"}}],\"inLanguage\":\"es\"},{\"@type\":\"Person\",\"@id\":\"https:\/\/www.arnall.cat\/#\/schema\/person\/794c28dc54eb517904443815f26f17fd\",\"name\":\"infoself\",\"image\":{\"@type\":\"ImageObject\",\"inLanguage\":\"es\",\"@id\":\"https:\/\/www.arnall.cat\/#\/schema\/person\/image\/\",\"url\":\"https:\/\/secure.gravatar.com\/avatar\/f95daed952ddc387ef4e4a0e926f1979?s=96&d=mm&r=g\",\"contentUrl\":\"https:\/\/secure.gravatar.com\/avatar\/f95daed952ddc387ef4e4a0e926f1979?s=96&d=mm&r=g\",\"caption\":\"infoself\"},\"url\":\"https:\/\/www.arnall.cat\/es\/author\/infoself\/\"}]}<\/script>\n<!-- \/ Yoast SEO plugin. -->","yoast_head_json":{"title":"Servei a domicili durant el mes d'agost - Arnall","robots":{"index":"index","follow":"follow","max-snippet":"max-snippet:-1","max-image-preview":"max-image-preview:large","max-video-preview":"max-video-preview:-1"},"canonical":"http:\/\/www.arnall.cat\/servei-a-domicili-durant-el-mes-dagost\/","og_locale":"es_ES","og_type":"article","og_title":"Servei a domicili durant el mes d'agost - Arnall","og_description":"Durant el mes d&#8217;agost el servei a domicili a comarques de Barcelona es realitzar\u00e0 nom\u00e9s els dimarts. Perdoneu les mol\u00e8sties","og_url":"http:\/\/www.arnall.cat\/servei-a-domicili-durant-el-mes-dagost\/","og_site_name":"Arnall","article_published_time":"2021-07-30T09:36:48+00:00","article_modified_time":"2021-08-04T15:51:25+00:00","og_image":[{"width":1200,"height":300,"url":"http:\/\/www.arnall.cat\/wp-content\/uploads\/2019\/07\/2019_12_02_delivery_02.jpg","type":"image\/jpeg"}],"author":"infoself","twitter_card":"summary_large_image","twitter_misc":{"Escrito por":"infoself"},"schema":{"@context":"https:\/\/schema.org","@graph":[{"@type":"WebPage","@id":"http:\/\/www.arnall.cat\/servei-a-domicili-durant-el-mes-dagost\/","url":"http:\/\/www.arnall.cat\/servei-a-domicili-durant-el-mes-dagost\/","name":"Servei a domicili durant el mes d'agost - Arnall","isPartOf":{"@id":"https:\/\/www.arnall.cat\/#website"},"primaryImageOfPage":{"@id":"http:\/\/www.arnall.cat\/servei-a-domicili-durant-el-mes-dagost\/#primaryimage"},"image":{"@id":"http:\/\/www.arnall.cat\/servei-a-domicili-durant-el-mes-dagost\/#primaryimage"},"thumbnailUrl":"https:\/\/www.arnall.cat\/wp-content\/uploads\/2019\/07\/2019_12_02_delivery_02.jpg","datePublished":"2021-07-30T09:36:48+00:00","dateModified":"2021-08-04T15:51:25+00:00","author":{"@id":"https:\/\/www.arnall.cat\/#\/schema\/person\/794c28dc54eb517904443815f26f17fd"},"breadcrumb":{"@id":"http:\/\/www.arnall.cat\/servei-a-domicili-durant-el-mes-dagost\/#breadcrumb"},"inLanguage":"es","potentialAction":[{"@type":"ReadAction","target":["http:\/\/www.arnall.cat\/servei-a-domicili-durant-el-mes-dagost\/"]}]},{"@type":"ImageObject","inLanguage":"es","@id":"http:\/\/www.arnall.cat\/servei-a-domicili-durant-el-mes-dagost\/#primaryimage","url":"https:\/\/www.arnall.cat\/wp-content\/uploads\/2019\/07\/2019_12_02_delivery_02.jpg","contentUrl":"https:\/\/www.arnall.cat\/wp-content\/uploads\/2019\/07\/2019_12_02_delivery_02.jpg","width":1200,"height":300},{"@type":"BreadcrumbList","@id":"http:\/\/www.arnall.cat\/servei-a-domicili-durant-el-mes-dagost\/#breadcrumb","itemListElement":[{"@type":"ListItem","position":1,"name":"Inici","item":"https:\/\/www.arnall.cat\/"},{"@type":"ListItem","position":2,"name":"Servei a domicili durant el mes d&#8217;agost"}]},{"@type":"WebSite","@id":"https:\/\/www.arnall.cat\/#website","url":"https:\/\/www.arnall.cat\/","name":"Arnall","description":"","potentialAction":[{"@type":"SearchAction","target":{"@type":"EntryPoint","urlTemplate":"https:\/\/www.arnall.cat\/?s={search_term_string}"},"query-input":{"@type":"PropertyValueSpecification","valueRequired":true,"valueName":"search_term_string"}}],"inLanguage":"es"},{"@type":"Person","@id":"https:\/\/www.arnall.cat\/#\/schema\/person\/794c28dc54eb517904443815f26f17fd","name":"infoself","image":{"@type":"ImageObject","inLanguage":"es","@id":"https:\/\/www.arnall.cat\/#\/schema\/person\/image\/","url":"https:\/\/secure.gravatar.com\/avatar\/f95daed952ddc387ef4e4a0e926f1979?s=96&d=mm&r=g","contentUrl":"https:\/\/secure.gravatar.com\/avatar\/f95daed952ddc387ef4e4a0e926f1979?s=96&d=mm&r=g","caption":"infoself"},"url":"https:\/\/www.arnall.cat\/es\/author\/infoself\/"}]}},"_links":{"self":[{"href":"https:\/\/www.arnall.cat\/es\/wp-json\/wp\/v2\/posts\/5809"}],"collection":[{"href":"https:\/\/www.arnall.cat\/es\/wp-json\/wp\/v2\/posts"}],"about":[{"href":"https:\/\/www.arnall.cat\/es\/wp-json\/wp\/v2\/types\/post"}],"author":[{"embeddable":true,"href":"https:\/\/www.arnall.cat\/es\/wp-json\/wp\/v2\/users\/1"}],"replies":[{"embeddable":true,"href":"https:\/\/www.arnall.cat\/es\/wp-json\/wp\/v2\/comments?post=5809"}],"version-history":[{"count":3,"href":"https:\/\/www.arnall.cat\/es\/wp-json\/wp\/v2\/posts\/5809\/revisions"}],"predecessor-version":[{"id":11380,"href":"https:\/\/www.arnall.cat\/es\/wp-json\/wp\/v2\/posts\/5809\/revisions\/11380"}],"wp:featuredmedia":[{"embeddable":true,"href":"https:\/\/www.arnall.cat\/es\/wp-json\/wp\/v2\/media\/5888"}],"wp:attachment":[{"href":"https:\/\/www.arnall.cat\/es\/wp-json\/wp\/v2\/media?parent=5809"}],"wp:term":[{"taxonomy":"category","embeddable":true,"href":"https:\/\/www.arnall.cat\/es\/wp-json\/wp\/v2\/categories?post=5809"},{"taxonomy":"post_tag","embeddable":true,"href":"https:\/\/www.arnall.cat\/es\/wp-json\/wp\/v2\/tags?post=5809"}],"curies":[{"name":"wp","href":"https:\/\/api.w.org\/{rel}","templated":true}]}}